{"id":369,"date":"2022-04-05T09:47:53","date_gmt":"2022-04-05T12:47:53","guid":{"rendered":"http:\/\/conviverapp.com.br\/wpblog\/?p=369"},"modified":"2022-04-06T10:38:07","modified_gmt":"2022-04-06T13:38:07","slug":"o-uso-de-mascaras-no-condominio-continua","status":"publish","type":"post","link":"https:\/\/conviverapp.com.br\/contrate\/o-uso-de-mascaras-no-condominio-continua\/","title":{"rendered":"O uso de m\u00e1scaras no condom\u00ednio continua?"},"content":{"rendered":"\n<p>Estamos presenciando queda no n\u00famero de casos registrados de Covid 19, de ocupa\u00e7\u00e3o de leitos em hospitais e de \u00f3bitos no contexto de pandemia. Com isso, os estados brasileiros est\u00e3o flexibilizando o uso das m\u00e1scaras em \u00e1reas abertas e fechadas, como S\u00e3o Paulo, Paran\u00e1, entre outros.<\/p>\n\n\n\n<p>Mas como os decretos ainda n\u00e3o citam os condom\u00ednios, muitos s\u00edndicos e moradores ficam em d\u00favida. Por isso, preparamos este artigo para lhe ajudar.<\/p>\n\n\n\n<h3 class=\"wp-block-heading\"><strong>O uso da m\u00e1scara no condom\u00ednio continua ou \u00e9 facultativo?<\/strong><\/h3>\n\n\n\n<p>No entendimento da legisla\u00e7\u00e3o, os condom\u00ednios tamb\u00e9m podem adotar a flexibiliza\u00e7\u00e3o do uso de m\u00e1scaras nas \u00e1reas comuns, tanto nas \u00e1reas abertas quanto nas fechadas. Sendo assim, o uso de m\u00e1scaras \u00e9 facultativo em condom\u00ednios para moradores, colaboradores, visitantes e prestadores de servi\u00e7os. <\/p>\n\n\n\n<p><strong>Mas fique atento!<\/strong><\/p>\n\n\n\n<p>Em caso de morador infectado, os cuidados ainda permanecem, por isso fa\u00e7a um comunicado explicando corretamente os procedimentos a serem adotados para este caso e siga as diretrizes da Organiza\u00e7\u00e3o Mundial de Sa\u00fade (OMS).<\/p>\n\n\n\n<p>Em resumo: o uso m\u00e1scara \u00e9 opcional, sendo vedada a obriga\u00e7\u00e3o.<\/p>\n\n\n\n<h3 class=\"wp-block-heading\"><strong>Demais medidas de preven\u00e7\u00e3o<\/strong><\/h3>\n\n\n\n<p>\u00c9 importante lembrar que outros cuidados ainda s\u00e3o importantes. Os n\u00fameros est\u00e3o caindo, mas a pandemia n\u00e3o acabou. <\/p>\n\n\n\n<p>Por isso, medidas como a limpeza frequente do espa\u00e7o, uso de \u00e1lcool em gel e redu\u00e7\u00e3o do n\u00famero de pessoas nos elevadores (a ser avaliado conforme a dimens\u00e3o do equipamento) s\u00e3o imprescind\u00edveis.<\/p>\n\n\n\n<p>Al\u00e9m disso, o di\u00e1logo continua trabalhando para conciliar opini\u00f5es divergentes sobre o ambiente do condom\u00ednio.<\/p>\n\n\n\n<p>Esperamos que este artigo tenha sido \u00fatil para voc\u00ea.<br>Um grande abra\u00e7o e at\u00e9 a pr\u00f3xima.<\/p>\n","protected":false},"excerpt":{"rendered":"<p>Como sabemos, alguns estados flexibilizaram o uso de m\u00e1scaras em locais abertos e fechados.<br \/>\nMas ser\u00e1 que isso vale para os condom\u00ednios? Veja mais informa\u00e7\u00f5es neste artigo! <\/p>\n","protected":false},"author":2,"featured_media":372,"comment_status":"open","ping_status":"open","sticky":false,"template":"","format":"standard","meta":{"footnotes":""},"categories":[15],"tags":[],"class_list":["post-369","post","type-post","status-publish","format-standard","has-post-thumbnail","hentry","category-cuidados","wpbf-post"],"yoast_head":"<!-- This site is optimized with the Yoast SEO plugin v24.5 - https:\/\/yoast.com\/wordpress\/plugins\/seo\/ -->\n<title>O uso de m\u00e1scaras no condom\u00ednio continua? - Conviver App<\/title>\n<meta name=\"description\" content=\"Como sabemos, alguns estados flexibilizaram o uso de m\u00e1scaras em locais abertos e fechados. Mas ser\u00e1 que isso vale para os condom\u00ednios? Veja mais informa\u00e7\u00f5es!\" \/>\n<meta name=\"robots\" content=\"index, follow, max-snippet:-1, max-image-preview:large, max-video-preview:-1\" \/>\n<link rel=\"canonical\" href=\"https:\/\/conviverapp.com.br\/contrate\/o-uso-de-mascaras-no-condominio-continua\/\" \/>\n<meta property=\"og:locale\" content=\"pt_BR\" \/>\n<meta property=\"og:type\" content=\"article\" \/>\n<meta property=\"og:title\" content=\"O uso de m\u00e1scaras no condom\u00ednio continua? - Conviver App\" \/>\n<meta property=\"og:description\" content=\"Como sabemos, alguns estados flexibilizaram o uso de m\u00e1scaras em locais abertos e fechados. Mas ser\u00e1 que isso vale para os condom\u00ednios? Veja mais informa\u00e7\u00f5es!\" \/>\n<meta property=\"og:url\" content=\"https:\/\/conviverapp.com.br\/contrate\/o-uso-de-mascaras-no-condominio-continua\/\" \/>\n<meta property=\"og:site_name\" content=\"Conviver App\" \/>\n<meta property=\"article:published_time\" content=\"2022-04-05T12:47:53+00:00\" \/>\n<meta property=\"article:modified_time\" content=\"2022-04-06T13:38:07+00:00\" \/>\n<meta property=\"og:image\" content=\"https:\/\/conviverapp.com.br\/contrate\/wp-content\/uploads\/2022\/04\/O-uso-de-m\u00e1scaras-no-condom\u00ednio-continua.jpg\" \/>\n\t<meta property=\"og:image:width\" content=\"960\" \/>\n\t<meta property=\"og:image:height\" content=\"720\" \/>\n\t<meta property=\"og:image:type\" content=\"image\/jpeg\" \/>\n<meta name=\"author\" content=\"Jana\u00edna Ferreira\" \/>\n<meta name=\"twitter:card\" content=\"summary_large_image\" \/>\n<meta name=\"twitter:label1\" content=\"Written by\" \/>\n\t<meta name=\"twitter:data1\" content=\"Jana\u00edna Ferreira\" \/>\n\t<meta name=\"twitter:label2\" content=\"Est. reading time\" \/>\n\t<meta name=\"twitter:data2\" content=\"1 minuto\" \/>\n<script type=\"application\/ld+json\" class=\"yoast-schema-graph\">{\"@context\":\"https:\/\/schema.org\",\"@graph\":[{\"@type\":\"WebPage\",\"@id\":\"https:\/\/conviverapp.com.br\/contrate\/o-uso-de-mascaras-no-condominio-continua\/\",\"url\":\"https:\/\/conviverapp.com.br\/contrate\/o-uso-de-mascaras-no-condominio-continua\/\",\"name\":\"O uso de m\u00e1scaras no condom\u00ednio continua? - Conviver App\",\"isPartOf\":{\"@id\":\"https:\/\/conviverapp.com.br\/contrate\/#website\"},\"primaryImageOfPage\":{\"@id\":\"https:\/\/conviverapp.com.br\/contrate\/o-uso-de-mascaras-no-condominio-continua\/#primaryimage\"},\"image\":{\"@id\":\"https:\/\/conviverapp.com.br\/contrate\/o-uso-de-mascaras-no-condominio-continua\/#primaryimage\"},\"thumbnailUrl\":\"https:\/\/conviverapp.com.br\/contrate\/wp-content\/uploads\/2022\/04\/O-uso-de-m\u00e1scaras-no-condom\u00ednio-continua.jpg\",\"datePublished\":\"2022-04-05T12:47:53+00:00\",\"dateModified\":\"2022-04-06T13:38:07+00:00\",\"author\":{\"@id\":\"https:\/\/conviverapp.com.br\/contrate\/#\/schema\/person\/e8244cc95fcc974bc16637f55a9d3123\"},\"description\":\"Como sabemos, alguns estados flexibilizaram o uso de m\u00e1scaras em locais abertos e fechados. Mas ser\u00e1 que isso vale para os condom\u00ednios? Veja mais informa\u00e7\u00f5es!\",\"breadcrumb\":{\"@id\":\"https:\/\/conviverapp.com.br\/contrate\/o-uso-de-mascaras-no-condominio-continua\/#breadcrumb\"},\"inLanguage\":\"pt-BR\",\"potentialAction\":[{\"@type\":\"ReadAction\",\"target\":[\"https:\/\/conviverapp.com.br\/contrate\/o-uso-de-mascaras-no-condominio-continua\/\"]}]},{\"@type\":\"ImageObject\",\"inLanguage\":\"pt-BR\",\"@id\":\"https:\/\/conviverapp.com.br\/contrate\/o-uso-de-mascaras-no-condominio-continua\/#primaryimage\",\"url\":\"https:\/\/conviverapp.com.br\/contrate\/wp-content\/uploads\/2022\/04\/O-uso-de-m\u00e1scaras-no-condom\u00ednio-continua.jpg\",\"contentUrl\":\"https:\/\/conviverapp.com.br\/contrate\/wp-content\/uploads\/2022\/04\/O-uso-de-m\u00e1scaras-no-condom\u00ednio-continua.jpg\",\"width\":960,\"height\":720},{\"@type\":\"BreadcrumbList\",\"@id\":\"https:\/\/conviverapp.com.br\/contrate\/o-uso-de-mascaras-no-condominio-continua\/#breadcrumb\",\"itemListElement\":[{\"@type\":\"ListItem\",\"position\":1,\"name\":\"Home\",\"item\":\"https:\/\/conviverapp.com.br\/contrate\/\"},{\"@type\":\"ListItem\",\"position\":2,\"name\":\"O uso de m\u00e1scaras no condom\u00ednio continua?\"}]},{\"@type\":\"WebSite\",\"@id\":\"https:\/\/conviverapp.com.br\/contrate\/#website\",\"url\":\"https:\/\/conviverapp.com.br\/contrate\/\",\"name\":\"Conviver App\",\"description\":\"Aplicativo para gest\u00e3o de condom\u00ednios\",\"potentialAction\":[{\"@type\":\"SearchAction\",\"target\":{\"@type\":\"EntryPoint\",\"urlTemplate\":\"https:\/\/conviverapp.com.br\/contrate\/?s={search_term_string}\"},\"query-input\":{\"@type\":\"PropertyValueSpecification\",\"valueRequired\":true,\"valueName\":\"search_term_string\"}}],\"inLanguage\":\"pt-BR\"},{\"@type\":\"Person\",\"@id\":\"https:\/\/conviverapp.com.br\/contrate\/#\/schema\/person\/e8244cc95fcc974bc16637f55a9d3123\",\"name\":\"Jana\u00edna Ferreira\",\"image\":{\"@type\":\"ImageObject\",\"inLanguage\":\"pt-BR\",\"@id\":\"https:\/\/conviverapp.com.br\/contrate\/#\/schema\/person\/image\/\",\"url\":\"https:\/\/secure.gravatar.com\/avatar\/b16de6967cf32a1d62180fdcde6c5d3b?s=96&d=mm&r=g\",\"contentUrl\":\"https:\/\/secure.gravatar.com\/avatar\/b16de6967cf32a1d62180fdcde6c5d3b?s=96&d=mm&r=g\",\"caption\":\"Jana\u00edna Ferreira\"},\"url\":\"https:\/\/conviverapp.com.br\/contrate\/author\/janaina\/\"}]}<\/script>\n<!-- \/ Yoast SEO plugin. -->","yoast_head_json":{"title":"O uso de m\u00e1scaras no condom\u00ednio continua? - Conviver App","description":"Como sabemos, alguns estados flexibilizaram o uso de m\u00e1scaras em locais abertos e fechados. Mas ser\u00e1 que isso vale para os condom\u00ednios? Veja mais informa\u00e7\u00f5es!","robots":{"index":"index","follow":"follow","max-snippet":"max-snippet:-1","max-image-preview":"max-image-preview:large","max-video-preview":"max-video-preview:-1"},"canonical":"https:\/\/conviverapp.com.br\/contrate\/o-uso-de-mascaras-no-condominio-continua\/","og_locale":"pt_BR","og_type":"article","og_title":"O uso de m\u00e1scaras no condom\u00ednio continua? - Conviver App","og_description":"Como sabemos, alguns estados flexibilizaram o uso de m\u00e1scaras em locais abertos e fechados. Mas ser\u00e1 que isso vale para os condom\u00ednios? Veja mais informa\u00e7\u00f5es!","og_url":"https:\/\/conviverapp.com.br\/contrate\/o-uso-de-mascaras-no-condominio-continua\/","og_site_name":"Conviver App","article_published_time":"2022-04-05T12:47:53+00:00","article_modified_time":"2022-04-06T13:38:07+00:00","og_image":[{"width":960,"height":720,"url":"https:\/\/conviverapp.com.br\/contrate\/wp-content\/uploads\/2022\/04\/O-uso-de-m\u00e1scaras-no-condom\u00ednio-continua.jpg","type":"image\/jpeg"}],"author":"Jana\u00edna Ferreira","twitter_card":"summary_large_image","twitter_misc":{"Written by":"Jana\u00edna Ferreira","Est. reading time":"1 minuto"},"schema":{"@context":"https:\/\/schema.org","@graph":[{"@type":"WebPage","@id":"https:\/\/conviverapp.com.br\/contrate\/o-uso-de-mascaras-no-condominio-continua\/","url":"https:\/\/conviverapp.com.br\/contrate\/o-uso-de-mascaras-no-condominio-continua\/","name":"O uso de m\u00e1scaras no condom\u00ednio continua? - Conviver App","isPartOf":{"@id":"https:\/\/conviverapp.com.br\/contrate\/#website"},"primaryImageOfPage":{"@id":"https:\/\/conviverapp.com.br\/contrate\/o-uso-de-mascaras-no-condominio-continua\/#primaryimage"},"image":{"@id":"https:\/\/conviverapp.com.br\/contrate\/o-uso-de-mascaras-no-condominio-continua\/#primaryimage"},"thumbnailUrl":"https:\/\/conviverapp.com.br\/contrate\/wp-content\/uploads\/2022\/04\/O-uso-de-m\u00e1scaras-no-condom\u00ednio-continua.jpg","datePublished":"2022-04-05T12:47:53+00:00","dateModified":"2022-04-06T13:38:07+00:00","author":{"@id":"https:\/\/conviverapp.com.br\/contrate\/#\/schema\/person\/e8244cc95fcc974bc16637f55a9d3123"},"description":"Como sabemos, alguns estados flexibilizaram o uso de m\u00e1scaras em locais abertos e fechados. Mas ser\u00e1 que isso vale para os condom\u00ednios? Veja mais informa\u00e7\u00f5es!","breadcrumb":{"@id":"https:\/\/conviverapp.com.br\/contrate\/o-uso-de-mascaras-no-condominio-continua\/#breadcrumb"},"inLanguage":"pt-BR","potentialAction":[{"@type":"ReadAction","target":["https:\/\/conviverapp.com.br\/contrate\/o-uso-de-mascaras-no-condominio-continua\/"]}]},{"@type":"ImageObject","inLanguage":"pt-BR","@id":"https:\/\/conviverapp.com.br\/contrate\/o-uso-de-mascaras-no-condominio-continua\/#primaryimage","url":"https:\/\/conviverapp.com.br\/contrate\/wp-content\/uploads\/2022\/04\/O-uso-de-m\u00e1scaras-no-condom\u00ednio-continua.jpg","contentUrl":"https:\/\/conviverapp.com.br\/contrate\/wp-content\/uploads\/2022\/04\/O-uso-de-m\u00e1scaras-no-condom\u00ednio-continua.jpg","width":960,"height":720},{"@type":"BreadcrumbList","@id":"https:\/\/conviverapp.com.br\/contrate\/o-uso-de-mascaras-no-condominio-continua\/#breadcrumb","itemListElement":[{"@type":"ListItem","position":1,"name":"Home","item":"https:\/\/conviverapp.com.br\/contrate\/"},{"@type":"ListItem","position":2,"name":"O uso de m\u00e1scaras no condom\u00ednio continua?"}]},{"@type":"WebSite","@id":"https:\/\/conviverapp.com.br\/contrate\/#website","url":"https:\/\/conviverapp.com.br\/contrate\/","name":"Conviver App","description":"Aplicativo para gest\u00e3o de condom\u00ednios","potentialAction":[{"@type":"SearchAction","target":{"@type":"EntryPoint","urlTemplate":"https:\/\/conviverapp.com.br\/contrate\/?s={search_term_string}"},"query-input":{"@type":"PropertyValueSpecification","valueRequired":true,"valueName":"search_term_string"}}],"inLanguage":"pt-BR"},{"@type":"Person","@id":"https:\/\/conviverapp.com.br\/contrate\/#\/schema\/person\/e8244cc95fcc974bc16637f55a9d3123","name":"Jana\u00edna Ferreira","image":{"@type":"ImageObject","inLanguage":"pt-BR","@id":"https:\/\/conviverapp.com.br\/contrate\/#\/schema\/person\/image\/","url":"https:\/\/secure.gravatar.com\/avatar\/b16de6967cf32a1d62180fdcde6c5d3b?s=96&d=mm&r=g","contentUrl":"https:\/\/secure.gravatar.com\/avatar\/b16de6967cf32a1d62180fdcde6c5d3b?s=96&d=mm&r=g","caption":"Jana\u00edna Ferreira"},"url":"https:\/\/conviverapp.com.br\/contrate\/author\/janaina\/"}]}},"_links":{"self":[{"href":"https:\/\/conviverapp.com.br\/contrate\/wp-json\/wp\/v2\/posts\/369","targetHints":{"allow":["GET"]}}],"collection":[{"href":"https:\/\/conviverapp.com.br\/contrate\/wp-json\/wp\/v2\/posts"}],"about":[{"href":"https:\/\/conviverapp.com.br\/contrate\/wp-json\/wp\/v2\/types\/post"}],"author":[{"embeddable":true,"href":"https:\/\/conviverapp.com.br\/contrate\/wp-json\/wp\/v2\/users\/2"}],"replies":[{"embeddable":true,"href":"https:\/\/conviverapp.com.br\/contrate\/wp-json\/wp\/v2\/comments?post=369"}],"version-history":[{"count":2,"href":"https:\/\/conviverapp.com.br\/contrate\/wp-json\/wp\/v2\/posts\/369\/revisions"}],"predecessor-version":[{"id":371,"href":"https:\/\/conviverapp.com.br\/contrate\/wp-json\/wp\/v2\/posts\/369\/revisions\/371"}],"wp:featuredmedia":[{"embeddable":true,"href":"https:\/\/conviverapp.com.br\/contrate\/wp-json\/wp\/v2\/media\/372"}],"wp:attachment":[{"href":"https:\/\/conviverapp.com.br\/contrate\/wp-json\/wp\/v2\/media?parent=369"}],"wp:term":[{"taxonomy":"category","embeddable":true,"href":"https:\/\/conviverapp.com.br\/contrate\/wp-json\/wp\/v2\/categories?post=369"},{"taxonomy":"post_tag","embeddable":true,"href":"https:\/\/conviverapp.com.br\/contrate\/wp-json\/wp\/v2\/tags?post=369"}],"curies":[{"name":"wp","href":"https:\/\/api.w.org\/{rel}","templated":true}]}}